{"id":2504,"date":"2021-11-03T10:11:41","date_gmt":"2021-11-03T09:11:41","guid":{"rendered":"https:\/\/www.pekarnasrnin.cz\/otevreni-nove-prodejny-na-sadech\/"},"modified":"2022-05-10T14:45:05","modified_gmt":"2022-05-10T12:45:05","slug":"eroffnung-eines-neuen-ladens-in-der-na-sacech-strasse","status":"publish","type":"post","link":"https:\/\/www.pekarnasrnin.cz\/de\/eroffnung-eines-neuen-ladens-in-der-na-sacech-strasse\/","title":{"rendered":"ER\u00d6FFNUNG EINES NEUEN LADENS IN DER NA SACECH STRASSE"},"content":{"rendered":"<div dir=\"auto\">&nbsp;<\/div>\n<p style=\"text-align: justify; padding-bottom: 20px;\">Wir haben ein neues Gesch\u00e4ft im Zentrum von \u010cesk\u00e9 Bud\u011bjovice er\u00f6ffnet, das voll von ehrlicher Handwerkskunst aus unserer s\u00fcdb\u00f6hmischen B\u00e4ckerei ist. Das Gesch\u00e4ft hei\u00dft PECiV\u00c1L, befindet sich in der Stra\u00dfe Na Sadech 2036\/18, direkt an der Haltestelle der \u00f6ffentlichen Verkehrsmittel Poliklinika Sever, und ist Teil unseres Netzes von neuen Verkaufsstellen. <\/p>\n<p>Hier finden Sie ein breites Angebot an Geb\u00e4ck aus Srn\u00edn, k\u00f6stlichen Delikatessen und s\u00fc\u00dfen Nachspeisen aus der Konditorei U Kl\u00e1\u0161tera.<\/p>\n<p><\/p>\n<p>Sie k\u00f6nnen ihn <a href=\"https:\/\/www.google.com\/maps\/@48.9770394,14.4781014,3a,75y,11.38h,72.68t\/data=!3m6!1e1!3m4!1sAF1QipMZNHQ3YFjVF3_JiPQT0KfzLHMf8orbq-x1X3BF!2e10!7i10000!8i5000\" target=\"_blank\" rel=\"noopener\">HIER <\/a> ansehen und bewerten.<\/p>\n<p style=\"text-align: justify; padding-bottom: 20px;\">Wir freuen uns auf Ihren Besuch.<\/p>\n\n\n<figure class=\"wp-block-image size-full\"><img loading=\"lazy\" decoding=\"async\" width=\"1024\" height=\"566\" src=\"https:\/\/www.pekarnasrnin.cz\/wp-content\/uploads\/2022\/02\/00cbe428-0f58-4cd9-9c1b-e4d3471808ff.jpg\" alt=\"\" class=\"wp-image-1587\" srcset=\"https:\/\/www.pekarnasrnin.cz\/wp-content\/uploads\/2022\/02\/00cbe428-0f58-4cd9-9c1b-e4d3471808ff.jpg 1024w, https:\/\/www.pekarnasrnin.cz\/wp-content\/uploads\/2022\/02\/00cbe428-0f58-4cd9-9c1b-e4d3471808ff-400x221.jpg 400w, https:\/\/www.pekarnasrnin.cz\/wp-content\/uploads\/2022\/02\/00cbe428-0f58-4cd9-9c1b-e4d3471808ff-768x425.jpg 768w, https:\/\/www.pekarnasrnin.cz\/wp-content\/uploads\/2022\/02\/00cbe428-0f58-4cd9-9c1b-e4d3471808ff-150x83.jpg 150w, https:\/\/www.pekarnasrnin.cz\/wp-content\/uploads\/2022\/02\/00cbe428-0f58-4cd9-9c1b-e4d3471808ff-600x332.jpg 600w\" sizes=\"auto, (max-width: 1024px) 100vw, 1024px\" \/><\/figure>\n\n\n\n<figure class=\"wp-block-image size-full\"><img loading=\"lazy\" decoding=\"async\" width=\"1024\" height=\"564\" src=\"https:\/\/www.pekarnasrnin.cz\/wp-content\/uploads\/2022\/02\/183a6144-219f-4b31-bc5f-5d627f69e094.jpg\" alt=\"\" class=\"wp-image-1588\" srcset=\"https:\/\/www.pekarnasrnin.cz\/wp-content\/uploads\/2022\/02\/183a6144-219f-4b31-bc5f-5d627f69e094.jpg 1024w, https:\/\/www.pekarnasrnin.cz\/wp-content\/uploads\/2022\/02\/183a6144-219f-4b31-bc5f-5d627f69e094-400x220.jpg 400w, https:\/\/www.pekarnasrnin.cz\/wp-content\/uploads\/2022\/02\/183a6144-219f-4b31-bc5f-5d627f69e094-768x423.jpg 768w, https:\/\/www.pekarnasrnin.cz\/wp-content\/uploads\/2022\/02\/183a6144-219f-4b31-bc5f-5d627f69e094-150x83.jpg 150w, https:\/\/www.pekarnasrnin.cz\/wp-content\/uploads\/2022\/02\/183a6144-219f-4b31-bc5f-5d627f69e094-600x330.jpg 600w\" sizes=\"auto, (max-width: 1024px) 100vw, 1024px\" \/><\/figure>\n\n\n\n<figure class=\"wp-block-image size-full\"><img loading=\"lazy\" decoding=\"async\" width=\"1024\" height=\"555\" src=\"https:\/\/www.pekarnasrnin.cz\/wp-content\/uploads\/2022\/02\/3133958e-8d95-4e8e-906a-3697f816984b.jpg\" alt=\"\" class=\"wp-image-1589\" srcset=\"https:\/\/www.pekarnasrnin.cz\/wp-content\/uploads\/2022\/02\/3133958e-8d95-4e8e-906a-3697f816984b.jpg 1024w, https:\/\/www.pekarnasrnin.cz\/wp-content\/uploads\/2022\/02\/3133958e-8d95-4e8e-906a-3697f816984b-400x217.jpg 400w, https:\/\/www.pekarnasrnin.cz\/wp-content\/uploads\/2022\/02\/3133958e-8d95-4e8e-906a-3697f816984b-768x416.jpg 768w, https:\/\/www.pekarnasrnin.cz\/wp-content\/uploads\/2022\/02\/3133958e-8d95-4e8e-906a-3697f816984b-150x81.jpg 150w, https:\/\/www.pekarnasrnin.cz\/wp-content\/uploads\/2022\/02\/3133958e-8d95-4e8e-906a-3697f816984b-600x325.jpg 600w\" sizes=\"auto, (max-width: 1024px) 100vw, 1024px\" \/><\/figure>\n","protected":false},"excerpt":{"rendered":"<p>&nbsp; Wir haben ein neues Gesch\u00e4ft im Zentrum von \u010cesk\u00e9 Bud\u011bjovice er\u00f6ffnet, das voll von ehrlicher Handwerkskunst aus unserer s\u00fcdb\u00f6hmischen B\u00e4ckerei ist. Das Gesch\u00e4ft hei\u00dft PECiV\u00c1L, befindet sich in der Stra\u00dfe Na Sadech 2036\/18, direkt an der Haltestelle der \u00f6ffentlichen Verkehrsmittel Poliklinika Sever, und ist&nbsp;<a href=\"https:\/\/www.pekarnasrnin.cz\/de\/eroffnung-eines-neuen-ladens-in-der-na-sacech-strasse\/\">&hellip;<\/a><\/p>\n","protected":false},"author":1,"featured_media":2144,"comment_status":"closed","ping_status":"closed","sticky":false,"template":"","format":"standard","meta":{"_monsterinsights_skip_tracking":false,"_monsterinsights_sitenote_active":false,"_monsterinsights_sitenote_note":"","_monsterinsights_sitenote_category":0,"footnotes":""},"categories":[74],"tags":[],"class_list":["post-2504","post","type-post","status-publish","format-standard","has-post-thumbnail","hentry","category-aktuelles","odd"],"yoast_head":"<!-- This site is optimized with the Yoast SEO plugin v17.7.1 - https:\/\/yoast.com\/wordpress\/plugins\/seo\/ -->\n<title>ER\u00d6FFNUNG EINES NEUEN LADENS IN DER NA SACECH STRASSE | Pek\u00e1rna Srn\u00edn<\/title>\n<meta name=\"robots\" content=\"index, follow, max-snippet:-1, max-image-preview:large, max-video-preview:-1\" \/>\n<link rel=\"canonical\" href=\"https:\/\/www.pekarnasrnin.cz\/de\/eroffnung-eines-neuen-ladens-in-der-na-sacech-strasse\/\" \/>\n<meta property=\"og:locale\" content=\"de_DE\" \/>\n<meta property=\"og:type\" content=\"article\" \/>\n<meta property=\"og:title\" content=\"ER\u00d6FFNUNG EINES NEUEN LADENS IN DER NA SACECH STRASSE | Pek\u00e1rna Srn\u00edn\" \/>\n<meta property=\"og:description\" content=\"&nbsp; Wir haben ein neues Gesch\u00e4ft im Zentrum von \u010cesk\u00e9 Bud\u011bjovice er\u00f6ffnet, das voll von ehrlicher Handwerkskunst aus unserer s\u00fcdb\u00f6hmischen B\u00e4ckerei ist. Das Gesch\u00e4ft hei\u00dft PECiV\u00c1L, befindet sich in der Stra\u00dfe Na Sadech 2036\/18, direkt an der Haltestelle der \u00f6ffentlichen Verkehrsmittel Poliklinika Sever, und ist&nbsp;&hellip;\" \/>\n<meta property=\"og:url\" content=\"https:\/\/www.pekarnasrnin.cz\/de\/eroffnung-eines-neuen-ladens-in-der-na-sacech-strasse\/\" \/>\n<meta property=\"og:site_name\" content=\"Pek\u00e1rna Srn\u00edn\" \/>\n<meta property=\"article:publisher\" content=\"https:\/\/www.facebook.com\/pekarnasrnin\/\" \/>\n<meta property=\"article:published_time\" content=\"2021-11-03T09:11:41+00:00\" \/>\n<meta property=\"article:modified_time\" content=\"2022-05-10T12:45:05+00:00\" \/>\n<meta property=\"og:image\" content=\"https:\/\/www.pekarnasrnin.cz\/wp-content\/uploads\/2021\/11\/af67c0f3-04a7-4a3e-ad92-ec0a874c9131.jpg\" \/>\n\t<meta property=\"og:image:width\" content=\"1024\" \/>\n\t<meta property=\"og:image:height\" content=\"564\" \/>\n<meta name=\"twitter:card\" content=\"summary_large_image\" \/>\n<meta name=\"twitter:label1\" content=\"Verfasst von\" \/>\n\t<meta name=\"twitter:data1\" content=\"MartinValut\" \/>\n\t<meta name=\"twitter:label2\" content=\"Gesch\u00e4tzte Lesezeit\" \/>\n\t<meta name=\"twitter:data2\" content=\"1\u00a0Minute\" \/>\n<script type=\"application\/ld+json\" class=\"yoast-schema-graph\">{\"@context\":\"https:\/\/schema.org\",\"@graph\":[{\"@type\":\"Organization\",\"@id\":\"https:\/\/www.pekarnasrnin.cz\/#organization\",\"name\":\"Pek\\u00e1rna Srn\\u00edn\",\"url\":\"https:\/\/www.pekarnasrnin.cz\/\",\"sameAs\":[\"https:\/\/www.facebook.com\/pekarnasrnin\/\"],\"logo\":{\"@type\":\"ImageObject\",\"@id\":\"https:\/\/www.pekarnasrnin.cz\/#logo\",\"inLanguage\":\"de\",\"url\":\"http:\/\/www.pekarnasrnin.cz\/wp-content\/uploads\/2021\/06\/pekarna-srnin-logo.png\",\"contentUrl\":\"http:\/\/www.pekarnasrnin.cz\/wp-content\/uploads\/2021\/06\/pekarna-srnin-logo.png\",\"width\":172,\"height\":182,\"caption\":\"Pek\\u00e1rna Srn\\u00edn\"},\"image\":{\"@id\":\"https:\/\/www.pekarnasrnin.cz\/#logo\"}},{\"@type\":\"WebSite\",\"@id\":\"https:\/\/www.pekarnasrnin.cz\/#website\",\"url\":\"https:\/\/www.pekarnasrnin.cz\/\",\"name\":\"Pek\\u00e1rna Srn\\u00edn\",\"description\":\"navazujeme na poctiv\\u00e9 peka\\u0159sk\\u00e9 \\u0159emeslo\",\"publisher\":{\"@id\":\"https:\/\/www.pekarnasrnin.cz\/#organization\"},\"potentialAction\":[{\"@type\":\"SearchAction\",\"target\":{\"@type\":\"EntryPoint\",\"urlTemplate\":\"https:\/\/www.pekarnasrnin.cz\/?s={search_term_string}\"},\"query-input\":\"required name=search_term_string\"}],\"inLanguage\":\"de\"},{\"@type\":\"ImageObject\",\"@id\":\"https:\/\/www.pekarnasrnin.cz\/de\/eroffnung-eines-neuen-ladens-in-der-na-sacech-strasse\/#primaryimage\",\"inLanguage\":\"de\",\"url\":\"https:\/\/www.pekarnasrnin.cz\/wp-content\/uploads\/2021\/11\/af67c0f3-04a7-4a3e-ad92-ec0a874c9131.jpg\",\"contentUrl\":\"https:\/\/www.pekarnasrnin.cz\/wp-content\/uploads\/2021\/11\/af67c0f3-04a7-4a3e-ad92-ec0a874c9131.jpg\",\"width\":1024,\"height\":564},{\"@type\":\"WebPage\",\"@id\":\"https:\/\/www.pekarnasrnin.cz\/de\/eroffnung-eines-neuen-ladens-in-der-na-sacech-strasse\/#webpage\",\"url\":\"https:\/\/www.pekarnasrnin.cz\/de\/eroffnung-eines-neuen-ladens-in-der-na-sacech-strasse\/\",\"name\":\"ER\\u00d6FFNUNG EINES NEUEN LADENS IN DER NA SACECH STRASSE | Pek\\u00e1rna Srn\\u00edn\",\"isPartOf\":{\"@id\":\"https:\/\/www.pekarnasrnin.cz\/#website\"},\"primaryImageOfPage\":{\"@id\":\"https:\/\/www.pekarnasrnin.cz\/de\/eroffnung-eines-neuen-ladens-in-der-na-sacech-strasse\/#primaryimage\"},\"datePublished\":\"2021-11-03T09:11:41+00:00\",\"dateModified\":\"2022-05-10T12:45:05+00:00\",\"breadcrumb\":{\"@id\":\"https:\/\/www.pekarnasrnin.cz\/de\/eroffnung-eines-neuen-ladens-in-der-na-sacech-strasse\/#breadcrumb\"},\"inLanguage\":\"de\",\"potentialAction\":[{\"@type\":\"ReadAction\",\"target\":[\"https:\/\/www.pekarnasrnin.cz\/de\/eroffnung-eines-neuen-ladens-in-der-na-sacech-strasse\/\"]}]},{\"@type\":\"BreadcrumbList\",\"@id\":\"https:\/\/www.pekarnasrnin.cz\/de\/eroffnung-eines-neuen-ladens-in-der-na-sacech-strasse\/#breadcrumb\",\"itemListElement\":[{\"@type\":\"ListItem\",\"position\":1,\"name\":\"Dom\\u016f\",\"item\":\"https:\/\/www.pekarnasrnin.cz\/de\/\"},{\"@type\":\"ListItem\",\"position\":2,\"name\":\"ER\\u00d6FFNUNG EINES NEUEN LADENS IN DER NA SACECH STRASSE\"}]},{\"@type\":\"Article\",\"@id\":\"https:\/\/www.pekarnasrnin.cz\/de\/eroffnung-eines-neuen-ladens-in-der-na-sacech-strasse\/#article\",\"isPartOf\":{\"@id\":\"https:\/\/www.pekarnasrnin.cz\/de\/eroffnung-eines-neuen-ladens-in-der-na-sacech-strasse\/#webpage\"},\"author\":{\"@id\":\"https:\/\/www.pekarnasrnin.cz\/#\/schema\/person\/f8e3bdb871ee0e36e1533e7ac1dc48b6\"},\"headline\":\"ER\\u00d6FFNUNG EINES NEUEN LADENS IN DER NA SACECH STRASSE\",\"datePublished\":\"2021-11-03T09:11:41+00:00\",\"dateModified\":\"2022-05-10T12:45:05+00:00\",\"mainEntityOfPage\":{\"@id\":\"https:\/\/www.pekarnasrnin.cz\/de\/eroffnung-eines-neuen-ladens-in-der-na-sacech-strasse\/#webpage\"},\"wordCount\":109,\"publisher\":{\"@id\":\"https:\/\/www.pekarnasrnin.cz\/#organization\"},\"image\":{\"@id\":\"https:\/\/www.pekarnasrnin.cz\/de\/eroffnung-eines-neuen-ladens-in-der-na-sacech-strasse\/#primaryimage\"},\"thumbnailUrl\":\"https:\/\/www.pekarnasrnin.cz\/wp-content\/uploads\/2021\/11\/af67c0f3-04a7-4a3e-ad92-ec0a874c9131.jpg\",\"articleSection\":[\"Aktuelles\"],\"inLanguage\":\"de\"},{\"@type\":\"Person\",\"@id\":\"https:\/\/www.pekarnasrnin.cz\/#\/schema\/person\/f8e3bdb871ee0e36e1533e7ac1dc48b6\",\"name\":\"MartinValut\",\"image\":{\"@type\":\"ImageObject\",\"@id\":\"https:\/\/www.pekarnasrnin.cz\/#personlogo\",\"inLanguage\":\"de\",\"url\":\"https:\/\/secure.gravatar.com\/avatar\/7572ea4e003012822920cde4b9321ed6fcc5d60abc9667acbc36e84d4ade2607?s=96&d=mm&r=g\",\"contentUrl\":\"https:\/\/secure.gravatar.com\/avatar\/7572ea4e003012822920cde4b9321ed6fcc5d60abc9667acbc36e84d4ade2607?s=96&d=mm&r=g\",\"caption\":\"MartinValut\"}}]}<\/script>\n<!-- \/ Yoast SEO plugin. -->","yoast_head_json":{"title":"ER\u00d6FFNUNG EINES NEUEN LADENS IN DER NA SACECH STRASSE | Pek\u00e1rna Srn\u00edn","robots":{"index":"index","follow":"follow","max-snippet":"max-snippet:-1","max-image-preview":"max-image-preview:large","max-video-preview":"max-video-preview:-1"},"canonical":"https:\/\/www.pekarnasrnin.cz\/de\/eroffnung-eines-neuen-ladens-in-der-na-sacech-strasse\/","og_locale":"de_DE","og_type":"article","og_title":"ER\u00d6FFNUNG EINES NEUEN LADENS IN DER NA SACECH STRASSE | Pek\u00e1rna Srn\u00edn","og_description":"&nbsp; Wir haben ein neues Gesch\u00e4ft im Zentrum von \u010cesk\u00e9 Bud\u011bjovice er\u00f6ffnet, das voll von ehrlicher Handwerkskunst aus unserer s\u00fcdb\u00f6hmischen B\u00e4ckerei ist. Das Gesch\u00e4ft hei\u00dft PECiV\u00c1L, befindet sich in der Stra\u00dfe Na Sadech 2036\/18, direkt an der Haltestelle der \u00f6ffentlichen Verkehrsmittel Poliklinika Sever, und ist&nbsp;&hellip;","og_url":"https:\/\/www.pekarnasrnin.cz\/de\/eroffnung-eines-neuen-ladens-in-der-na-sacech-strasse\/","og_site_name":"Pek\u00e1rna Srn\u00edn","article_publisher":"https:\/\/www.facebook.com\/pekarnasrnin\/","article_published_time":"2021-11-03T09:11:41+00:00","article_modified_time":"2022-05-10T12:45:05+00:00","og_image":[{"width":1024,"height":564,"url":"https:\/\/www.pekarnasrnin.cz\/wp-content\/uploads\/2021\/11\/af67c0f3-04a7-4a3e-ad92-ec0a874c9131.jpg","type":"image\/jpeg"}],"twitter_card":"summary_large_image","twitter_misc":{"Verfasst von":"MartinValut","Gesch\u00e4tzte Lesezeit":"1\u00a0Minute"},"schema":{"@context":"https:\/\/schema.org","@graph":[{"@type":"Organization","@id":"https:\/\/www.pekarnasrnin.cz\/#organization","name":"Pek\u00e1rna Srn\u00edn","url":"https:\/\/www.pekarnasrnin.cz\/","sameAs":["https:\/\/www.facebook.com\/pekarnasrnin\/"],"logo":{"@type":"ImageObject","@id":"https:\/\/www.pekarnasrnin.cz\/#logo","inLanguage":"de","url":"http:\/\/www.pekarnasrnin.cz\/wp-content\/uploads\/2021\/06\/pekarna-srnin-logo.png","contentUrl":"http:\/\/www.pekarnasrnin.cz\/wp-content\/uploads\/2021\/06\/pekarna-srnin-logo.png","width":172,"height":182,"caption":"Pek\u00e1rna Srn\u00edn"},"image":{"@id":"https:\/\/www.pekarnasrnin.cz\/#logo"}},{"@type":"WebSite","@id":"https:\/\/www.pekarnasrnin.cz\/#website","url":"https:\/\/www.pekarnasrnin.cz\/","name":"Pek\u00e1rna Srn\u00edn","description":"navazujeme na poctiv\u00e9 peka\u0159sk\u00e9 \u0159emeslo","publisher":{"@id":"https:\/\/www.pekarnasrnin.cz\/#organization"},"potentialAction":[{"@type":"SearchAction","target":{"@type":"EntryPoint","urlTemplate":"https:\/\/www.pekarnasrnin.cz\/?s={search_term_string}"},"query-input":"required name=search_term_string"}],"inLanguage":"de"},{"@type":"ImageObject","@id":"https:\/\/www.pekarnasrnin.cz\/de\/eroffnung-eines-neuen-ladens-in-der-na-sacech-strasse\/#primaryimage","inLanguage":"de","url":"https:\/\/www.pekarnasrnin.cz\/wp-content\/uploads\/2021\/11\/af67c0f3-04a7-4a3e-ad92-ec0a874c9131.jpg","contentUrl":"https:\/\/www.pekarnasrnin.cz\/wp-content\/uploads\/2021\/11\/af67c0f3-04a7-4a3e-ad92-ec0a874c9131.jpg","width":1024,"height":564},{"@type":"WebPage","@id":"https:\/\/www.pekarnasrnin.cz\/de\/eroffnung-eines-neuen-ladens-in-der-na-sacech-strasse\/#webpage","url":"https:\/\/www.pekarnasrnin.cz\/de\/eroffnung-eines-neuen-ladens-in-der-na-sacech-strasse\/","name":"ER\u00d6FFNUNG EINES NEUEN LADENS IN DER NA SACECH STRASSE | Pek\u00e1rna Srn\u00edn","isPartOf":{"@id":"https:\/\/www.pekarnasrnin.cz\/#website"},"primaryImageOfPage":{"@id":"https:\/\/www.pekarnasrnin.cz\/de\/eroffnung-eines-neuen-ladens-in-der-na-sacech-strasse\/#primaryimage"},"datePublished":"2021-11-03T09:11:41+00:00","dateModified":"2022-05-10T12:45:05+00:00","breadcrumb":{"@id":"https:\/\/www.pekarnasrnin.cz\/de\/eroffnung-eines-neuen-ladens-in-der-na-sacech-strasse\/#breadcrumb"},"inLanguage":"de","potentialAction":[{"@type":"ReadAction","target":["https:\/\/www.pekarnasrnin.cz\/de\/eroffnung-eines-neuen-ladens-in-der-na-sacech-strasse\/"]}]},{"@type":"BreadcrumbList","@id":"https:\/\/www.pekarnasrnin.cz\/de\/eroffnung-eines-neuen-ladens-in-der-na-sacech-strasse\/#breadcrumb","itemListElement":[{"@type":"ListItem","position":1,"name":"Dom\u016f","item":"https:\/\/www.pekarnasrnin.cz\/de\/"},{"@type":"ListItem","position":2,"name":"ER\u00d6FFNUNG EINES NEUEN LADENS IN DER NA SACECH STRASSE"}]},{"@type":"Article","@id":"https:\/\/www.pekarnasrnin.cz\/de\/eroffnung-eines-neuen-ladens-in-der-na-sacech-strasse\/#article","isPartOf":{"@id":"https:\/\/www.pekarnasrnin.cz\/de\/eroffnung-eines-neuen-ladens-in-der-na-sacech-strasse\/#webpage"},"author":{"@id":"https:\/\/www.pekarnasrnin.cz\/#\/schema\/person\/f8e3bdb871ee0e36e1533e7ac1dc48b6"},"headline":"ER\u00d6FFNUNG EINES NEUEN LADENS IN DER NA SACECH STRASSE","datePublished":"2021-11-03T09:11:41+00:00","dateModified":"2022-05-10T12:45:05+00:00","mainEntityOfPage":{"@id":"https:\/\/www.pekarnasrnin.cz\/de\/eroffnung-eines-neuen-ladens-in-der-na-sacech-strasse\/#webpage"},"wordCount":109,"publisher":{"@id":"https:\/\/www.pekarnasrnin.cz\/#organization"},"image":{"@id":"https:\/\/www.pekarnasrnin.cz\/de\/eroffnung-eines-neuen-ladens-in-der-na-sacech-strasse\/#primaryimage"},"thumbnailUrl":"https:\/\/www.pekarnasrnin.cz\/wp-content\/uploads\/2021\/11\/af67c0f3-04a7-4a3e-ad92-ec0a874c9131.jpg","articleSection":["Aktuelles"],"inLanguage":"de"},{"@type":"Person","@id":"https:\/\/www.pekarnasrnin.cz\/#\/schema\/person\/f8e3bdb871ee0e36e1533e7ac1dc48b6","name":"MartinValut","image":{"@type":"ImageObject","@id":"https:\/\/www.pekarnasrnin.cz\/#personlogo","inLanguage":"de","url":"https:\/\/secure.gravatar.com\/avatar\/7572ea4e003012822920cde4b9321ed6fcc5d60abc9667acbc36e84d4ade2607?s=96&d=mm&r=g","contentUrl":"https:\/\/secure.gravatar.com\/avatar\/7572ea4e003012822920cde4b9321ed6fcc5d60abc9667acbc36e84d4ade2607?s=96&d=mm&r=g","caption":"MartinValut"}}]}},"_links":{"self":[{"href":"https:\/\/www.pekarnasrnin.cz\/de\/wp-json\/wp\/v2\/posts\/2504","targetHints":{"allow":["GET"]}}],"collection":[{"href":"https:\/\/www.pekarnasrnin.cz\/de\/wp-json\/wp\/v2\/posts"}],"about":[{"href":"https:\/\/www.pekarnasrnin.cz\/de\/wp-json\/wp\/v2\/types\/post"}],"author":[{"embeddable":true,"href":"https:\/\/www.pekarnasrnin.cz\/de\/wp-json\/wp\/v2\/users\/1"}],"replies":[{"embeddable":true,"href":"https:\/\/www.pekarnasrnin.cz\/de\/wp-json\/wp\/v2\/comments?post=2504"}],"version-history":[{"count":2,"href":"https:\/\/www.pekarnasrnin.cz\/de\/wp-json\/wp\/v2\/posts\/2504\/revisions"}],"predecessor-version":[{"id":2515,"href":"https:\/\/www.pekarnasrnin.cz\/de\/wp-json\/wp\/v2\/posts\/2504\/revisions\/2515"}],"wp:featuredmedia":[{"embeddable":true,"href":"https:\/\/www.pekarnasrnin.cz\/de\/wp-json\/wp\/v2\/media\/2144"}],"wp:attachment":[{"href":"https:\/\/www.pekarnasrnin.cz\/de\/wp-json\/wp\/v2\/media?parent=2504"}],"wp:term":[{"taxonomy":"category","embeddable":true,"href":"https:\/\/www.pekarnasrnin.cz\/de\/wp-json\/wp\/v2\/categories?post=2504"},{"taxonomy":"post_tag","embeddable":true,"href":"https:\/\/www.pekarnasrnin.cz\/de\/wp-json\/wp\/v2\/tags?post=2504"}],"curies":[{"name":"wp","href":"https:\/\/api.w.org\/{rel}","templated":true}]}}